{"id":2917,"date":"2023-08-16T08:29:44","date_gmt":"2023-08-16T07:29:44","guid":{"rendered":"http:\/\/demainsansmucoviscidose.org\/?p=2917"},"modified":"2023-10-01T11:47:15","modified_gmt":"2023-10-01T10:47:15","slug":"sur-la-route-reportage-tv-sur-c8","status":"publish","type":"post","link":"https:\/\/demainsansmucoviscidose.org\/index.php\/2023\/08\/16\/sur-la-route-reportage-tv-sur-c8\/","title":{"rendered":"SUR LA ROUTE &#8211; Reportage TV sur C8"},"content":{"rendered":"<div dir=\"auto\">\u00a0<a href=\"http:\/\/demainsansmucoviscidose.org\/wp-content\/uploads\/2023\/08\/ReportageSurLaRouteC8.jpg\" target=\"_blank\" rel=\"noopener noreferrer\"><img loading=\"lazy\" decoding=\"async\" class=\"alignnone wp-image-2920\" src=\"http:\/\/demainsansmucoviscidose.org\/wp-content\/uploads\/2023\/08\/ReportageSurLaRouteC8-300x157.jpg\" alt=\"\" width=\"254\" height=\"133\" srcset=\"https:\/\/demainsansmucoviscidose.org\/wp-content\/uploads\/2023\/08\/ReportageSurLaRouteC8-300x157.jpg 300w, https:\/\/demainsansmucoviscidose.org\/wp-content\/uploads\/2023\/08\/ReportageSurLaRouteC8.jpg 684w\" sizes=\"auto, (max-width: 254px) 100vw, 254px\" \/><\/a><\/div>\n<div dir=\"auto\">\u00a0Retrouvez nos 3 adh\u00e9rentes Aur\u00e9lie Claire et Virginie qui avaient \u00e9t\u00e9 suivies par une \u00e9quipe de t\u00e9l\u00e9vision lors de leur \u00e9tape de septembre 2021.<br \/>\nLe reportage a \u00e9t\u00e9 diffus\u00e9 aujourd\u2019hui sur C8 : <a class=\"x1i10hfl xjbqb8w x6umtig x1b1mbwd xaqea5y xav7gou x9f619 x1ypdohk xt0psk2 xe8uvvx xdj266r x11i5rnm xat24cr x1mh8g0r xexx8yu x4uap5 x18d9i69 xkhd6sd x16tdsg8 x1hl2dhg xggy1nq x1a2a7pz xt0b8zv x1fey0fg\" tabindex=\"0\" href=\"https:\/\/mycan.al\/decouverte\/sur-les-chemins-de-compostelle\/h\/22566451_50013?fbclid=IwAR39JeumRLacJBb6nokievcS0FRwh9qhvYyt0FE8iim1QmyT6Bv_Lrw65cA\" target=\"_blank\" rel=\"nofollow noopener noreferrer\">https:\/\/mycan.al\/&#8230;\/sur-les-chemins-de&#8230;\/h\/22566451_50013<\/a><\/div>\n<div dir=\"auto\">Prochainement nous mettrons un ligne une version \u00ab raccourcie \u00bb de ce beau reportage<\/div>\n<div dir=\"auto\">Vous pouvez voir ou revoir l\u2019int\u00e9gralit\u00e9 de leur aventure du puy en Velay \u00e0 Carrion deLos Condes sur notre cha\u00eene <a href=\"https:\/\/www.youtube.com\/@associationdemainsansmucov2967\/videos\" target=\"_blank\" rel=\"noopener noreferrer\">YouTube Demain Sans Mucoviscidose<\/a><\/div>\n","protected":false},"excerpt":{"rendered":"<p>\u00a0 \u00a0Retrouvez nos 3 adh\u00e9rentes Aur\u00e9lie Claire et Virginie qui avaient \u00e9t\u00e9 suivies par une \u00e9quipe de t\u00e9l\u00e9vision lors de leur \u00e9tape de septembre 2021. Le reportage a \u00e9t\u00e9 diffus\u00e9 aujourd\u2019hui sur C8 : https:\/\/mycan.al\/&#8230;\/sur-les-chemins-de&#8230;\/h\/22566451_50013 Prochainement nous mettrons un ligne une version \u00ab raccourcie \u00bb de ce beau reportage Vous pouvez voir ou revoir l\u2019int\u00e9gralit\u00e9 &hellip; <\/p>\n<p><a class=\"more-link btn\" href=\"https:\/\/demainsansmucoviscidose.org\/index.php\/2023\/08\/16\/sur-la-route-reportage-tv-sur-c8\/\">Lire la suite<\/a><\/p>\n","protected":false},"author":3,"featured_media":0,"comment_status":"closed","ping_status":"closed","sticky":false,"template":"","format":"standard","meta":{"footnotes":""},"categories":[1],"tags":[],"class_list":["post-2917","post","type-post","status-publish","format-standard","hentry","category-non-classe","item-wrap"],"_links":{"self":[{"href":"https:\/\/demainsansmucoviscidose.org\/index.php\/wp-json\/wp\/v2\/posts\/2917","targetHints":{"allow":["GET"]}}],"collection":[{"href":"https:\/\/demainsansmucoviscidose.org\/index.php\/wp-json\/wp\/v2\/posts"}],"about":[{"href":"https:\/\/demainsansmucoviscidose.org\/index.php\/wp-json\/wp\/v2\/types\/post"}],"author":[{"embeddable":true,"href":"https:\/\/demainsansmucoviscidose.org\/index.php\/wp-json\/wp\/v2\/users\/3"}],"replies":[{"embeddable":true,"href":"https:\/\/demainsansmucoviscidose.org\/index.php\/wp-json\/wp\/v2\/comments?post=2917"}],"version-history":[{"count":2,"href":"https:\/\/demainsansmucoviscidose.org\/index.php\/wp-json\/wp\/v2\/posts\/2917\/revisions"}],"predecessor-version":[{"id":2921,"href":"https:\/\/demainsansmucoviscidose.org\/index.php\/wp-json\/wp\/v2\/posts\/2917\/revisions\/2921"}],"wp:attachment":[{"href":"https:\/\/demainsansmucoviscidose.org\/index.php\/wp-json\/wp\/v2\/media?parent=2917"}],"wp:term":[{"taxonomy":"category","embeddable":true,"href":"https:\/\/demainsansmucoviscidose.org\/index.php\/wp-json\/wp\/v2\/categories?post=2917"},{"taxonomy":"post_tag","embeddable":true,"href":"https:\/\/demainsansmucoviscidose.org\/index.php\/wp-json\/wp\/v2\/tags?post=2917"}],"curies":[{"name":"wp","href":"https:\/\/api.w.org\/{rel}","templated":true}]}}