{"id":2903,"date":"2023-07-06T18:48:22","date_gmt":"2023-07-06T17:48:22","guid":{"rendered":"http:\/\/demainsansmucoviscidose.org\/?p=2903"},"modified":"2023-10-01T11:47:38","modified_gmt":"2023-10-01T10:47:38","slug":"sacs-pediatrie-04-ans-crcm-chu-dijon-bourgogne","status":"publish","type":"post","link":"https:\/\/demainsansmucoviscidose.org\/index.php\/2023\/07\/06\/sacs-pediatrie-04-ans-crcm-chu-dijon-bourgogne\/","title":{"rendered":"SACS P\u00c9DIATRIE 0\/4 ans CRCM CHU Dijon Bourgogne"},"content":{"rendered":"<div dir=\"auto\"><a href=\"http:\/\/demainsansmucoviscidose.org\/wp-content\/uploads\/2023\/07\/357766776_671937774966402_8483957213483873924_n.jpg\" target=\"_blank\" rel=\"noopener noreferrer\"><img loading=\"lazy\" decoding=\"async\" class=\"wp-image-2887 alignleft\" src=\"http:\/\/demainsansmucoviscidose.org\/wp-content\/uploads\/2023\/07\/357766776_671937774966402_8483957213483873924_n-300x200.jpg\" alt=\"\" width=\"159\" height=\"106\" srcset=\"https:\/\/demainsansmucoviscidose.org\/wp-content\/uploads\/2023\/07\/357766776_671937774966402_8483957213483873924_n-300x200.jpg 300w, https:\/\/demainsansmucoviscidose.org\/wp-content\/uploads\/2023\/07\/357766776_671937774966402_8483957213483873924_n.jpg 593w\" sizes=\"auto, (max-width: 159px) 100vw, 159px\" \/><\/a>Les sacs p\u00e9diatrie financ\u00e9s par l\u2019op\u00e9ration r\u00eaves d\u2019enfants malades organis\u00e9e par le <a class=\"x1i10hfl xjbqb8w x6umtig x1b1mbwd xaqea5y xav7gou x9f619 x1ypdohk xt0psk2 xe8uvvx xdj266r x11i5rnm xat24cr x1mh8g0r xexx8yu x4uap5 x18d9i69 xkhd6sd x16tdsg8 x1hl2dhg xggy1nq x1a2a7pz xt0b8zv x1qq9wsj xo1l8bm\" tabindex=\"0\" href=\"https:\/\/www.facebook.com\/lionsclubdijondoyen?__cft__[0]=AZVNzPa7JLj3VWiVCZ0nePlQmTDFrdSXzpJFuRolqBWgffNcLaF3pU6IGQrswO6trNwWX1jhxkPE7U-ToH8NvXi2dJFJNXCOwff6M1gSsGJcjaQhd7Upfk_WpAqLfhyhB4c_kkXJB3b5du5xGa9lahlM8E2DgDkYNjQ8vXR28_CxVm_H7xaLmF2eAJ-NPFIVFhQ&amp;__tn__=-]K-R\" target=\"_blank\" rel=\"noopener noreferrer\"><span class=\"xt0psk2\">Lions Club Dijon Doyen<\/span><\/a> ont \u00e9galement \u00e9t\u00e9 remis aux enfants atteints de Mucoviscidose \u00e0 Dijon<\/div>\n<div dir=\"auto\">\u00a0Merci \u00e0 Hyllan et sa maman<\/div>\n<div dir=\"auto\"><\/div>\n<div dir=\"auto\"><\/div>\n<div dir=\"auto\"><\/div>\n<div dir=\"auto\"><\/div>\n<div dir=\"auto\"><span style=\"color: #ffffff;\">&#8211;<\/span><\/div>\n<div dir=\"auto\"><span style=\"color: #ffffff;\">&#8211;<\/span><\/div>\n<div dir=\"auto\"><span style=\"color: #ffffff;\">&#8211;<\/span><\/div>\n<div dir=\"auto\"><span style=\"color: #ffffff;\">&#8211;<\/span><\/div>\n<div dir=\"auto\">Votre enfant a b\u00e9n\u00e9fici\u00e9 d\u2019un sac ?<\/div>\n<div dir=\"auto\">Si vous nous envoyez une photo en commentaire ou par mail <a href=\"mailto:DSMUCO21@GMAIL.COM\" target=\"_blank\" rel=\"noopener noreferrer\">DSMUCO21@GMAIL.COM<\/a>, nous l\u2019ajouterons \u00e0 notre publication !<\/div>\n<div dir=\"auto\"><span style=\"color: #ffffff;\">&#8211;<\/span><\/div>\n<div dir=\"auto\"><a href=\"http:\/\/demainsansmucoviscidose.org\/wp-content\/uploads\/2023\/07\/357766776_671937774966402_8483957213483873924_n.jpg\" target=\"_blank\" rel=\"noopener noreferrer\"><img loading=\"lazy\" decoding=\"async\" class=\"alignnone size-medium wp-image-2888\" src=\"http:\/\/demainsansmucoviscidose.org\/wp-content\/uploads\/2023\/07\/357788351_671937791633067_57583129438389042_n-300x200.jpg\" alt=\"\" width=\"300\" height=\"200\" srcset=\"https:\/\/demainsansmucoviscidose.org\/wp-content\/uploads\/2023\/07\/357788351_671937791633067_57583129438389042_n-300x200.jpg 300w, https:\/\/demainsansmucoviscidose.org\/wp-content\/uploads\/2023\/07\/357788351_671937791633067_57583129438389042_n.jpg 593w\" sizes=\"auto, (max-width: 300px) 100vw, 300px\" \/><\/a><\/div>\n","protected":false},"excerpt":{"rendered":"<p>Les sacs p\u00e9diatrie financ\u00e9s par l\u2019op\u00e9ration r\u00eaves d\u2019enfants malades organis\u00e9e par le Lions Club Dijon Doyen ont \u00e9galement \u00e9t\u00e9 remis aux enfants atteints de Mucoviscidose \u00e0 Dijon \u00a0Merci \u00e0 Hyllan et sa maman &#8211; &#8211; &#8211; &#8211; Votre enfant a b\u00e9n\u00e9fici\u00e9 d\u2019un sac ? Si vous nous envoyez une photo en commentaire ou par mail &hellip; <\/p>\n<p><a class=\"more-link btn\" href=\"https:\/\/demainsansmucoviscidose.org\/index.php\/2023\/07\/06\/sacs-pediatrie-04-ans-crcm-chu-dijon-bourgogne\/\">Lire la suite<\/a><\/p>\n","protected":false},"author":3,"featured_media":0,"comment_status":"closed","ping_status":"closed","sticky":false,"template":"","format":"standard","meta":{"footnotes":""},"categories":[1],"tags":[],"class_list":["post-2903","post","type-post","status-publish","format-standard","hentry","category-non-classe","item-wrap"],"_links":{"self":[{"href":"https:\/\/demainsansmucoviscidose.org\/index.php\/wp-json\/wp\/v2\/posts\/2903","targetHints":{"allow":["GET"]}}],"collection":[{"href":"https:\/\/demainsansmucoviscidose.org\/index.php\/wp-json\/wp\/v2\/posts"}],"about":[{"href":"https:\/\/demainsansmucoviscidose.org\/index.php\/wp-json\/wp\/v2\/types\/post"}],"author":[{"embeddable":true,"href":"https:\/\/demainsansmucoviscidose.org\/index.php\/wp-json\/wp\/v2\/users\/3"}],"replies":[{"embeddable":true,"href":"https:\/\/demainsansmucoviscidose.org\/index.php\/wp-json\/wp\/v2\/comments?post=2903"}],"version-history":[{"count":7,"href":"https:\/\/demainsansmucoviscidose.org\/index.php\/wp-json\/wp\/v2\/posts\/2903\/revisions"}],"predecessor-version":[{"id":2910,"href":"https:\/\/demainsansmucoviscidose.org\/index.php\/wp-json\/wp\/v2\/posts\/2903\/revisions\/2910"}],"wp:attachment":[{"href":"https:\/\/demainsansmucoviscidose.org\/index.php\/wp-json\/wp\/v2\/media?parent=2903"}],"wp:term":[{"taxonomy":"category","embeddable":true,"href":"https:\/\/demainsansmucoviscidose.org\/index.php\/wp-json\/wp\/v2\/categories?post=2903"},{"taxonomy":"post_tag","embeddable":true,"href":"https:\/\/demainsansmucoviscidose.org\/index.php\/wp-json\/wp\/v2\/tags?post=2903"}],"curies":[{"name":"wp","href":"https:\/\/api.w.org\/{rel}","templated":true}]}}