{"id":2879,"date":"2023-07-06T18:40:03","date_gmt":"2023-07-06T17:40:03","guid":{"rendered":"http:\/\/demainsansmucoviscidose.org\/?p=2879"},"modified":"2023-10-01T11:47:49","modified_gmt":"2023-10-01T10:47:49","slug":"sacs-pediatrie-04-ans-crcm-chu-de-besancon","status":"publish","type":"post","link":"https:\/\/demainsansmucoviscidose.org\/index.php\/2023\/07\/06\/sacs-pediatrie-04-ans-crcm-chu-de-besancon\/","title":{"rendered":"SACS P\u00c9DIATRIE 0\/4 ans CRCM CHU de Besan\u00e7on"},"content":{"rendered":"<div dir=\"auto\"><a href=\"http:\/\/demainsansmucoviscidose.org\/wp-content\/uploads\/2023\/07\/356867597_669072541919592_8527085674806457582_n.jpg\" target=\"_blank\" rel=\"noopener noreferrer\"><img loading=\"lazy\" decoding=\"async\" class=\"alignleft wp-image-2881\" src=\"http:\/\/demainsansmucoviscidose.org\/wp-content\/uploads\/2023\/07\/356867597_669072541919592_8527085674806457582_n-240x300.jpg\" alt=\"\" width=\"105\" height=\"132\" srcset=\"https:\/\/demainsansmucoviscidose.org\/wp-content\/uploads\/2023\/07\/356867597_669072541919592_8527085674806457582_n-240x300.jpg 240w, https:\/\/demainsansmucoviscidose.org\/wp-content\/uploads\/2023\/07\/356867597_669072541919592_8527085674806457582_n.jpg 480w\" sizes=\"auto, (max-width: 105px) 100vw, 105px\" \/><\/a><\/div>\n<div dir=\"auto\">Petit \u00e0 petit les sacs p\u00e9diatrie financ\u00e9s par <a class=\"x1i10hfl xjbqb8w x6umtig x1b1mbwd xaqea5y xav7gou x9f619 x1ypdohk xt0psk2 xe8uvvx xdj266r x11i5rnm xat24cr x1mh8g0r xexx8yu x4uap5 x18d9i69 xkhd6sd x16tdsg8 x1hl2dhg xggy1nq x1a2a7pz xt0b8zv x1qq9wsj xo1l8bm\" tabindex=\"0\" href=\"https:\/\/www.facebook.com\/BaladessolidairesFondationGroupama?__cft__[0]=AZVDQ1E1gqyABd-bEHxCyqddWH8S4IO5vz0-nD9l9iM4lHQ7wFb39AODORfGqw8VhgbK1LmhLv5k7BUhGDDeWK_J6LoztybJviUgdEphpKYTervM5TYGA8__kj2ejNOO3c8oUHf7PGNaqL7KocEhQ9-RmR1aFFBJ7WsFsJh7z0dA2ifENanpYPdPsMiUh4rALmM&amp;__tn__=-]K-R\" target=\"_blank\" rel=\"noopener noreferrer\"><span class=\"xt0psk2\">Les Balades solidaires &#8211; Fondation Groupama<\/span><\/a> 2023 de Nuits Saint Georges sont distribu\u00e9s aux enfants atteints de Mucoviscidose<\/div>\n<div dir=\"auto\">\n<p><span style=\"color: #ffffff;\">&#8211;<\/span><\/p>\n<div dir=\"auto\"><\/div>\n<\/div>\n<div dir=\"auto\">\n<div dir=\"auto\"><span style=\"color: #ffffff;\">&#8211;<\/span><span style=\"color: #ffffff;\">&#8211;<\/span><\/div>\n<div dir=\"auto\"><span style=\"color: #ffffff;\">&#8211;<\/span><\/div>\n<div dir=\"auto\"><span style=\"color: #ffffff;\">&#8211;<\/span><\/div>\n<\/div>\n<div dir=\"auto\"><\/div>\n<div dir=\"auto\"><span style=\"color: #ffffff;\">\u00a0&#8211;<\/span><\/div>\n<div dir=\"auto\"><span style=\"color: #ffffff;\">&#8211;<\/span><\/div>\n<div dir=\"auto\"><span style=\"color: #ffffff;\">&#8211;<\/span><\/div>\n<div dir=\"auto\">Votre enfant a aussi re\u00e7u un sac ?<\/div>\n<div dir=\"auto\">\u00a0Si vous nous envoyez une photo par mail <a href=\"mailto:DSMUCO21@GMAIL.COM\">DSMUCO21@GMAIL.COM<\/a>, nous l\u2019ajouterons \u00e0 notre publication !<\/div>\n<div dir=\"auto\"><a class=\"x1i10hfl xjbqb8w x6umtig x1b1mbwd xaqea5y xav7gou x9f619 x1ypdohk xt0psk2 xe8uvvx xdj266r x11i5rnm xat24cr x1mh8g0r xexx8yu x4uap5 x18d9i69 xkhd6sd x16tdsg8 x1hl2dhg xggy1nq x1a2a7pz xt0b8zv x1qq9wsj xo1l8bm\" tabindex=\"0\" href=\"https:\/\/www.facebook.com\/fondation.groupama.sante?__cft__[0]=AZVDQ1E1gqyABd-bEHxCyqddWH8S4IO5vz0-nD9l9iM4lHQ7wFb39AODORfGqw8VhgbK1LmhLv5k7BUhGDDeWK_J6LoztybJviUgdEphpKYTervM5TYGA8__kj2ejNOO3c8oUHf7PGNaqL7KocEhQ9-RmR1aFFBJ7WsFsJh7z0dA2ifENanpYPdPsMiUh4rALmM&amp;__tn__=-]K-R\" target=\"_blank\" rel=\"noopener noreferrer\"><span class=\"xt0psk2\">Fondation Groupama<\/span><\/a><\/div>\n<div dir=\"auto\"><span style=\"color: #ffffff;\">&#8211;\u00a0<\/span><\/div>\n<div dir=\"auto\"><\/div>\n<div dir=\"auto\"><a href=\"http:\/\/demainsansmucoviscidose.org\/wp-content\/uploads\/2023\/07\/356990755_669072585252921_732719525204845366_n.jpg\" target=\"_blank\" rel=\"noopener noreferrer\"><img loading=\"lazy\" decoding=\"async\" class=\"alignnone size-medium wp-image-2883\" src=\"http:\/\/demainsansmucoviscidose.org\/wp-content\/uploads\/2023\/07\/356990755_669072585252921_732719525204845366_n-225x300.jpg\" alt=\"\" width=\"225\" height=\"300\" srcset=\"https:\/\/demainsansmucoviscidose.org\/wp-content\/uploads\/2023\/07\/356990755_669072585252921_732719525204845366_n-225x300.jpg 225w, https:\/\/demainsansmucoviscidose.org\/wp-content\/uploads\/2023\/07\/356990755_669072585252921_732719525204845366_n.jpg 450w\" sizes=\"auto, (max-width: 225px) 100vw, 225px\" \/><\/a> <a href=\"http:\/\/demainsansmucoviscidose.org\/wp-content\/uploads\/2023\/07\/356990281_669072588586254_899714272845087862_n.jpg\" target=\"_blank\" rel=\"noopener noreferrer\"><img loading=\"lazy\" decoding=\"async\" class=\"alignnone size-medium wp-image-2882\" src=\"http:\/\/demainsansmucoviscidose.org\/wp-content\/uploads\/2023\/07\/356990281_669072588586254_899714272845087862_n-225x300.jpg\" alt=\"\" width=\"225\" height=\"300\" srcset=\"https:\/\/demainsansmucoviscidose.org\/wp-content\/uploads\/2023\/07\/356990281_669072588586254_899714272845087862_n-225x300.jpg 225w, https:\/\/demainsansmucoviscidose.org\/wp-content\/uploads\/2023\/07\/356990281_669072588586254_899714272845087862_n-768x1024.jpg 768w, https:\/\/demainsansmucoviscidose.org\/wp-content\/uploads\/2023\/07\/356990281_669072588586254_899714272845087862_n.jpg 1080w\" sizes=\"auto, (max-width: 225px) 100vw, 225px\" \/><\/a> <a href=\"http:\/\/demainsansmucoviscidose.org\/wp-content\/uploads\/2023\/07\/357005801_669072531919593_2319799435549665249_n.jpg\" target=\"_blank\" rel=\"noopener noreferrer\"><img loading=\"lazy\" decoding=\"async\" class=\"alignnone size-medium wp-image-2884\" src=\"http:\/\/demainsansmucoviscidose.org\/wp-content\/uploads\/2023\/07\/357005801_669072531919593_2319799435549665249_n-225x300.jpg\" alt=\"\" width=\"225\" height=\"300\" srcset=\"https:\/\/demainsansmucoviscidose.org\/wp-content\/uploads\/2023\/07\/357005801_669072531919593_2319799435549665249_n-225x300.jpg 225w, https:\/\/demainsansmucoviscidose.org\/wp-content\/uploads\/2023\/07\/357005801_669072531919593_2319799435549665249_n.jpg 450w\" sizes=\"auto, (max-width: 225px) 100vw, 225px\" \/><\/a> <a href=\"http:\/\/demainsansmucoviscidose.org\/wp-content\/uploads\/2023\/07\/357005846_669072581919588_8751415978835157198_n.jpg\" target=\"_blank\" rel=\"noopener noreferrer\"><img loading=\"lazy\" decoding=\"async\" class=\"alignnone size-medium wp-image-2885\" src=\"http:\/\/demainsansmucoviscidose.org\/wp-content\/uploads\/2023\/07\/357005846_669072581919588_8751415978835157198_n-225x300.jpg\" alt=\"\" width=\"225\" height=\"300\" srcset=\"https:\/\/demainsansmucoviscidose.org\/wp-content\/uploads\/2023\/07\/357005846_669072581919588_8751415978835157198_n-225x300.jpg 225w, https:\/\/demainsansmucoviscidose.org\/wp-content\/uploads\/2023\/07\/357005846_669072581919588_8751415978835157198_n.jpg 450w\" sizes=\"auto, (max-width: 225px) 100vw, 225px\" \/><\/a> <a href=\"http:\/\/demainsansmucoviscidose.org\/wp-content\/uploads\/2023\/07\/357014136_669072578586255_4083919767342616905_n.jpg\" target=\"_blank\" rel=\"noopener noreferrer\"><img loading=\"lazy\" decoding=\"async\" class=\"alignnone size-medium wp-image-2886\" src=\"http:\/\/demainsansmucoviscidose.org\/wp-content\/uploads\/2023\/07\/357014136_669072578586255_4083919767342616905_n-225x300.jpg\" alt=\"\" width=\"225\" height=\"300\" srcset=\"https:\/\/demainsansmucoviscidose.org\/wp-content\/uploads\/2023\/07\/357014136_669072578586255_4083919767342616905_n-225x300.jpg 225w, https:\/\/demainsansmucoviscidose.org\/wp-content\/uploads\/2023\/07\/357014136_669072578586255_4083919767342616905_n-768x1024.jpg 768w, https:\/\/demainsansmucoviscidose.org\/wp-content\/uploads\/2023\/07\/357014136_669072578586255_4083919767342616905_n.jpg 1080w\" sizes=\"auto, (max-width: 225px) 100vw, 225px\" \/><\/a><\/div>\n","protected":false},"excerpt":{"rendered":"<p>Petit \u00e0 petit les sacs p\u00e9diatrie financ\u00e9s par Les Balades solidaires &#8211; Fondation Groupama 2023 de Nuits Saint Georges sont distribu\u00e9s aux enfants atteints de Mucoviscidose &#8211; &#8211;&#8211; &#8211; &#8211; \u00a0&#8211; &#8211; &#8211; Votre enfant a aussi re\u00e7u un sac ? \u00a0Si vous nous envoyez une photo par mail DSMUCO21@GMAIL.COM, nous l\u2019ajouterons \u00e0 notre publication &hellip; <\/p>\n<p><a class=\"more-link btn\" href=\"https:\/\/demainsansmucoviscidose.org\/index.php\/2023\/07\/06\/sacs-pediatrie-04-ans-crcm-chu-de-besancon\/\">Lire la suite<\/a><\/p>\n","protected":false},"author":3,"featured_media":0,"comment_status":"closed","ping_status":"closed","sticky":false,"template":"","format":"standard","meta":{"footnotes":""},"categories":[1],"tags":[],"class_list":["post-2879","post","type-post","status-publish","format-standard","hentry","category-non-classe","item-wrap"],"_links":{"self":[{"href":"https:\/\/demainsansmucoviscidose.org\/index.php\/wp-json\/wp\/v2\/posts\/2879","targetHints":{"allow":["GET"]}}],"collection":[{"href":"https:\/\/demainsansmucoviscidose.org\/index.php\/wp-json\/wp\/v2\/posts"}],"about":[{"href":"https:\/\/demainsansmucoviscidose.org\/index.php\/wp-json\/wp\/v2\/types\/post"}],"author":[{"embeddable":true,"href":"https:\/\/demainsansmucoviscidose.org\/index.php\/wp-json\/wp\/v2\/users\/3"}],"replies":[{"embeddable":true,"href":"https:\/\/demainsansmucoviscidose.org\/index.php\/wp-json\/wp\/v2\/comments?post=2879"}],"version-history":[{"count":15,"href":"https:\/\/demainsansmucoviscidose.org\/index.php\/wp-json\/wp\/v2\/posts\/2879\/revisions"}],"predecessor-version":[{"id":2902,"href":"https:\/\/demainsansmucoviscidose.org\/index.php\/wp-json\/wp\/v2\/posts\/2879\/revisions\/2902"}],"wp:attachment":[{"href":"https:\/\/demainsansmucoviscidose.org\/index.php\/wp-json\/wp\/v2\/media?parent=2879"}],"wp:term":[{"taxonomy":"category","embeddable":true,"href":"https:\/\/demainsansmucoviscidose.org\/index.php\/wp-json\/wp\/v2\/categories?post=2879"},{"taxonomy":"post_tag","embeddable":true,"href":"https:\/\/demainsansmucoviscidose.org\/index.php\/wp-json\/wp\/v2\/tags?post=2879"}],"curies":[{"name":"wp","href":"https:\/\/api.w.org\/{rel}","templated":true}]}}