{"id":2841,"date":"2023-04-24T08:08:17","date_gmt":"2023-04-24T07:08:17","guid":{"rendered":"http:\/\/demainsansmucoviscidose.org\/?p=2841"},"modified":"2023-06-26T20:49:30","modified_gmt":"2023-06-26T19:49:30","slug":"sur-la-route-5-elles-sont-reparties-sur-les-chemins-de-compostelle","status":"publish","type":"post","link":"https:\/\/demainsansmucoviscidose.org\/index.php\/2023\/04\/24\/sur-la-route-5-elles-sont-reparties-sur-les-chemins-de-compostelle\/","title":{"rendered":"SUR LA ROUTE 5 : elles sont reparties sur les chemins de Compostelle !"},"content":{"rendered":"<p><a href=\"http:\/\/demainsansmucoviscidose.org\/wp-content\/uploads\/2023\/04\/SurLaRoute5.jpg\" target=\"_blank\" rel=\"noopener noreferrer\"><img loading=\"lazy\" decoding=\"async\" class=\"alignnone wp-image-2840\" src=\"http:\/\/demainsansmucoviscidose.org\/wp-content\/uploads\/2023\/04\/SurLaRoute5-210x300.jpg\" alt=\"\" width=\"158\" height=\"225\" srcset=\"https:\/\/demainsansmucoviscidose.org\/wp-content\/uploads\/2023\/04\/SurLaRoute5-210x300.jpg 210w, https:\/\/demainsansmucoviscidose.org\/wp-content\/uploads\/2023\/04\/SurLaRoute5.jpg 625w\" sizes=\"auto, (max-width: 158px) 100vw, 158px\" \/><\/a><\/p>\n<p>Virginie et Claire, adh\u00e9rentes de notre association, repartent sur le chemin de Compostelle du 22 avril au 6 mai 2023. Leur but : r\u00e9colter un maximum de fonds afin de financer des activit\u00e9s sportives pour les patients suivis dans les CRCM des CHU de Dijon et Besan\u00e7on.<br \/>\nObjectif entre 350 et 470 km \u00e0 parcourir en alternant gite et bivouac sur la partie espagnole dite \u00ab Camino Frances \u00bb \u2026 Suivez les sur nos r\u00e9seaux sociaux !\u00a0<a href=\"https:\/\/www.facebook.com\/demainsansmucoviscidose\">Demain Sans Mucoviscidose\u00a0<\/a><\/p>\n<div dir=\"auto\"><\/div>\n<div dir=\"auto\">\n<p>Le but de cette marche solidaire est de r\u00e9colter un maximum de fonds afin de financer des activit\u00e9s sportives pour les patients suivis dans les CRCM des CHU de Dijon et Besan\u00e7on.<\/p>\n<\/div>\n<div dir=\"auto\"><span style=\"color: #ff0000;\"><strong>Pour les encourager &#8230; faites un don =&gt;<a class=\"x1i10hfl xjbqb8w x6umtig x1b1mbwd xaqea5y xav7gou x9f619 x1ypdohk xt0psk2 xe8uvvx xdj266r x11i5rnm xat24cr x1mh8g0r xexx8yu x4uap5 x18d9i69 xkhd6sd x16tdsg8 x1hl2dhg xggy1nq x1a2a7pz xt0b8zv x1fey0fg\" style=\"color: #ff0000;\" tabindex=\"0\" href=\"https:\/\/www.helloasso.com\/associations\/demain-sans-mucoviscidose\/formulaires\/1?fbclid=IwAR3thRBEnMPUhvtHr7Um1y9NAUtdfhPZ0YG3m_7ZGqSB-_-E0zm753_-4QI\" target=\"_blank\" rel=\"nofollow noopener noreferrer\"> https:\/\/www.helloasso.com\/associations\/demain-sans-mucoviscidose\/formulaires\/<\/a>1<\/strong><\/span><\/div>\n","protected":false},"excerpt":{"rendered":"<p>Virginie et Claire, adh\u00e9rentes de notre association, repartent sur le chemin de Compostelle du 22 avril au 6 mai 2023. Leur but : r\u00e9colter un maximum de fonds afin de financer des activit\u00e9s sportives pour les patients suivis dans les CRCM des CHU de Dijon et Besan\u00e7on. Objectif entre 350 et 470 km \u00e0 parcourir &hellip; <\/p>\n<p><a class=\"more-link btn\" href=\"https:\/\/demainsansmucoviscidose.org\/index.php\/2023\/04\/24\/sur-la-route-5-elles-sont-reparties-sur-les-chemins-de-compostelle\/\">Lire la suite<\/a><\/p>\n","protected":false},"author":3,"featured_media":0,"comment_status":"closed","ping_status":"closed","sticky":false,"template":"","format":"standard","meta":{"footnotes":""},"categories":[1],"tags":[],"class_list":["post-2841","post","type-post","status-publish","format-standard","hentry","category-non-classe","item-wrap"],"_links":{"self":[{"href":"https:\/\/demainsansmucoviscidose.org\/index.php\/wp-json\/wp\/v2\/posts\/2841","targetHints":{"allow":["GET"]}}],"collection":[{"href":"https:\/\/demainsansmucoviscidose.org\/index.php\/wp-json\/wp\/v2\/posts"}],"about":[{"href":"https:\/\/demainsansmucoviscidose.org\/index.php\/wp-json\/wp\/v2\/types\/post"}],"author":[{"embeddable":true,"href":"https:\/\/demainsansmucoviscidose.org\/index.php\/wp-json\/wp\/v2\/users\/3"}],"replies":[{"embeddable":true,"href":"https:\/\/demainsansmucoviscidose.org\/index.php\/wp-json\/wp\/v2\/comments?post=2841"}],"version-history":[{"count":6,"href":"https:\/\/demainsansmucoviscidose.org\/index.php\/wp-json\/wp\/v2\/posts\/2841\/revisions"}],"predecessor-version":[{"id":2847,"href":"https:\/\/demainsansmucoviscidose.org\/index.php\/wp-json\/wp\/v2\/posts\/2841\/revisions\/2847"}],"wp:attachment":[{"href":"https:\/\/demainsansmucoviscidose.org\/index.php\/wp-json\/wp\/v2\/media?parent=2841"}],"wp:term":[{"taxonomy":"category","embeddable":true,"href":"https:\/\/demainsansmucoviscidose.org\/index.php\/wp-json\/wp\/v2\/categories?post=2841"},{"taxonomy":"post_tag","embeddable":true,"href":"https:\/\/demainsansmucoviscidose.org\/index.php\/wp-json\/wp\/v2\/tags?post=2841"}],"curies":[{"name":"wp","href":"https:\/\/api.w.org\/{rel}","templated":true}]}}