{"id":2755,"date":"2023-01-29T10:32:58","date_gmt":"2023-01-29T09:32:58","guid":{"rendered":"http:\/\/demainsansmucoviscidose.org\/?p=2755"},"modified":"2023-04-24T20:14:58","modified_gmt":"2023-04-24T19:14:58","slug":"adhesion-2023-cest-parti","status":"publish","type":"post","link":"https:\/\/demainsansmucoviscidose.org\/index.php\/2023\/01\/29\/adhesion-2023-cest-parti\/","title":{"rendered":"Adh\u00e9sion 2023 c&rsquo;est parti !"},"content":{"rendered":"<h2><a href=\"http:\/\/demainsansmucoviscidose.org\/wp-content\/uploads\/2023\/02\/Flyer-DSM-2023.jpg\" target=\"_blank\" rel=\"noopener noreferrer\"><img loading=\"lazy\" decoding=\"async\" class=\"wp-image-2780 alignleft\" src=\"http:\/\/demainsansmucoviscidose.org\/wp-content\/uploads\/2023\/02\/Flyer-DSM-2023-216x300.jpg\" alt=\"\" width=\"138\" height=\"191\" srcset=\"https:\/\/demainsansmucoviscidose.org\/wp-content\/uploads\/2023\/02\/Flyer-DSM-2023-216x300.jpg 216w, https:\/\/demainsansmucoviscidose.org\/wp-content\/uploads\/2023\/02\/Flyer-DSM-2023-768x1066.jpg 768w, https:\/\/demainsansmucoviscidose.org\/wp-content\/uploads\/2023\/02\/Flyer-DSM-2023-738x1024.jpg 738w, https:\/\/demainsansmucoviscidose.org\/wp-content\/uploads\/2023\/02\/Flyer-DSM-2023.jpg 1314w\" sizes=\"auto, (max-width: 138px) 100vw, 138px\" \/><\/a>Retrouvez les diff\u00e9rentes modalit\u00e9s pour adh\u00e9rer ou\u00a0faire un don<br \/>\n<a href=\"http:\/\/demainsansmucoviscidose.org\/index.php\/adherer\/\" target=\"_blank\" rel=\"noopener noreferrer\">Adh\u00e9rer ou faire un don<\/a><\/h2>\n<p><span style=\"color: #ffffff;\">&#8211;<\/span><\/p>\n<p><span style=\"color: #ffffff;\">&#8211;<\/span><\/p>\n<p>&nbsp;<\/p>\n<p>&nbsp;<\/p>\n<p>&nbsp;<\/p>\n<h2><span style=\"color: #000000;\">\u00a0Merci pour votre soutien !<br \/>\n<\/span>Vos dons et vos adh\u00e9sions nous permettront de venir en aide aux patients de notre r\u00e9gion suivis dans les CRCM de Dijon et Besan\u00e7on<\/h2>\n<h2><span style=\"color: #000000;\">\u00a0<\/span><\/h2>\n","protected":false},"excerpt":{"rendered":"<p>Retrouvez les diff\u00e9rentes modalit\u00e9s pour adh\u00e9rer ou\u00a0faire un don Adh\u00e9rer ou faire un don &#8211; &#8211; &nbsp; &nbsp; &nbsp; \u00a0Merci pour votre soutien ! Vos dons et vos adh\u00e9sions nous permettront de venir en aide aux patients de notre r\u00e9gion suivis dans les CRCM de Dijon et Besan\u00e7on \u00a0<\/p>\n","protected":false},"author":3,"featured_media":0,"comment_status":"closed","ping_status":"closed","sticky":false,"template":"","format":"standard","meta":{"footnotes":""},"categories":[1],"tags":[],"class_list":["post-2755","post","type-post","status-publish","format-standard","hentry","category-non-classe","item-wrap"],"_links":{"self":[{"href":"https:\/\/demainsansmucoviscidose.org\/index.php\/wp-json\/wp\/v2\/posts\/2755","targetHints":{"allow":["GET"]}}],"collection":[{"href":"https:\/\/demainsansmucoviscidose.org\/index.php\/wp-json\/wp\/v2\/posts"}],"about":[{"href":"https:\/\/demainsansmucoviscidose.org\/index.php\/wp-json\/wp\/v2\/types\/post"}],"author":[{"embeddable":true,"href":"https:\/\/demainsansmucoviscidose.org\/index.php\/wp-json\/wp\/v2\/users\/3"}],"replies":[{"embeddable":true,"href":"https:\/\/demainsansmucoviscidose.org\/index.php\/wp-json\/wp\/v2\/comments?post=2755"}],"version-history":[{"count":13,"href":"https:\/\/demainsansmucoviscidose.org\/index.php\/wp-json\/wp\/v2\/posts\/2755\/revisions"}],"predecessor-version":[{"id":2782,"href":"https:\/\/demainsansmucoviscidose.org\/index.php\/wp-json\/wp\/v2\/posts\/2755\/revisions\/2782"}],"wp:attachment":[{"href":"https:\/\/demainsansmucoviscidose.org\/index.php\/wp-json\/wp\/v2\/media?parent=2755"}],"wp:term":[{"taxonomy":"category","embeddable":true,"href":"https:\/\/demainsansmucoviscidose.org\/index.php\/wp-json\/wp\/v2\/categories?post=2755"},{"taxonomy":"post_tag","embeddable":true,"href":"https:\/\/demainsansmucoviscidose.org\/index.php\/wp-json\/wp\/v2\/tags?post=2755"}],"curies":[{"name":"wp","href":"https:\/\/api.w.org\/{rel}","templated":true}]}}