{"id":2657,"date":"2022-11-12T10:50:01","date_gmt":"2022-11-12T09:50:01","guid":{"rendered":"http:\/\/demainsansmucoviscidose.org\/?p=2657"},"modified":"2023-02-12T09:51:41","modified_gmt":"2023-02-12T08:51:41","slug":"marche-de-noel-2022","status":"publish","type":"post","link":"https:\/\/demainsansmucoviscidose.org\/index.php\/2022\/11\/12\/marche-de-noel-2022\/","title":{"rendered":"March\u00e9 de No\u00ebl 2022"},"content":{"rendered":"<div dir=\"auto\"><a href=\"http:\/\/demainsansmucoviscidose.org\/wp-content\/uploads\/2022\/11\/March\u00e9-de-Noel-2022.jpg\" target=\"_blank\" rel=\"noopener noreferrer\"><img loading=\"lazy\" decoding=\"async\" class=\"wp-image-2659 alignleft\" src=\"http:\/\/demainsansmucoviscidose.org\/wp-content\/uploads\/2022\/11\/March\u00e9-de-Noel-2022-300x266.jpg\" alt=\"\" width=\"107\" height=\"95\" srcset=\"https:\/\/demainsansmucoviscidose.org\/wp-content\/uploads\/2022\/11\/March\u00e9-de-Noel-2022-300x266.jpg 300w, https:\/\/demainsansmucoviscidose.org\/wp-content\/uploads\/2022\/11\/March\u00e9-de-Noel-2022.jpg 642w\" sizes=\"auto, (max-width: 107px) 100vw, 107px\" \/><\/a><\/div>\n<div dir=\"auto\">Retrouvez les cr\u00e9ations de \u00ab\u00a0nos petites main\u00a0\u00bb en vente \u00e0 distance ou aux diff\u00e9rents march\u00e9s de No\u00ebl !<\/div>\n<div dir=\"auto\"><span style=\"color: #ffffff;\">&#8211;<\/span><\/div>\n<div dir=\"auto\"><span style=\"color: #ffffff;\">&#8211;<\/span><\/div>\n<div dir=\"auto\"><span style=\"color: #ffffff;\">&#8211;<\/span><\/div>\n<div dir=\"auto\"><span style=\"color: #ffffff;\">&#8211;<\/span><\/div>\n<div dir=\"auto\"><span style=\"color: #ffffff;\">&#8211;<\/span><\/div>\n<div dir=\"auto\"><\/div>\n<ul>\n<li dir=\"auto\">26 novembre : <strong>Francheville,\u00a0 Varois et Chaignot<\/strong><\/li>\n<li dir=\"auto\">2 d\u00e9cembre : <strong>Saint Apollinaire<\/strong><\/li>\n<li dir=\"auto\">4 d\u00e9cembre : <strong>Longvic,\u00a0Thorey en plaine<\/strong><\/li>\n<li dir=\"auto\">6\/7\/8 d\u00e9cembre : <strong>Chalet associatif \u00e0 Dijon place darcy<\/strong><\/li>\n<li dir=\"auto\">10 d\u00e9cembre : <strong>Carrefour les cerisiers Talant<\/strong><\/li>\n<\/ul>\n<p>&nbsp;<\/p>\n<h2 dir=\"auto\">R\u00e9servation\u00a0par mail\u00a0<a href=\"mailto:dsmuco21@gmail.Com\">dsmuco21@gmail.Com ou 06.98.28.84.54<\/a><\/h2>\n<p><a href=\"http:\/\/demainsansmucoviscidose.org\/wp-content\/uploads\/2022\/11\/Marc\u00e91.jpg\" target=\"_blank\" rel=\"noopener noreferrer\"><img loading=\"lazy\" decoding=\"async\" class=\" wp-image-2661 alignleft\" src=\"http:\/\/demainsansmucoviscidose.org\/wp-content\/uploads\/2022\/11\/Marc\u00e91-300x300.jpg\" alt=\"\" width=\"232\" height=\"232\" srcset=\"https:\/\/demainsansmucoviscidose.org\/wp-content\/uploads\/2022\/11\/Marc\u00e91-300x300.jpg 300w, https:\/\/demainsansmucoviscidose.org\/wp-content\/uploads\/2022\/11\/Marc\u00e91-150x150.jpg 150w, https:\/\/demainsansmucoviscidose.org\/wp-content\/uploads\/2022\/11\/Marc\u00e91-768x768.jpg 768w, https:\/\/demainsansmucoviscidose.org\/wp-content\/uploads\/2022\/11\/Marc\u00e91-1024x1024.jpg 1024w, https:\/\/demainsansmucoviscidose.org\/wp-content\/uploads\/2022\/11\/Marc\u00e91.jpg 1440w\" sizes=\"auto, (max-width: 232px) 100vw, 232px\" \/><\/a><a href=\"http:\/\/demainsansmucoviscidose.org\/wp-content\/uploads\/2022\/11\/March\u00e92.jpg\" target=\"_blank\" rel=\"noopener noreferrer\"><img loading=\"lazy\" decoding=\"async\" class=\"alignnone wp-image-2663\" src=\"http:\/\/demainsansmucoviscidose.org\/wp-content\/uploads\/2022\/11\/March\u00e92-300x300.jpg\" alt=\"\" width=\"230\" height=\"230\" srcset=\"https:\/\/demainsansmucoviscidose.org\/wp-content\/uploads\/2022\/11\/March\u00e92-300x300.jpg 300w, https:\/\/demainsansmucoviscidose.org\/wp-content\/uploads\/2022\/11\/March\u00e92-150x150.jpg 150w, https:\/\/demainsansmucoviscidose.org\/wp-content\/uploads\/2022\/11\/March\u00e92-768x768.jpg 768w, https:\/\/demainsansmucoviscidose.org\/wp-content\/uploads\/2022\/11\/March\u00e92-1024x1024.jpg 1024w, https:\/\/demainsansmucoviscidose.org\/wp-content\/uploads\/2022\/11\/March\u00e92.jpg 1440w\" sizes=\"auto, (max-width: 230px) 100vw, 230px\" \/><\/a><\/p>\n<p><a href=\"http:\/\/demainsansmucoviscidose.org\/wp-content\/uploads\/2022\/11\/March\u00e93.jpg\" target=\"_blank\" rel=\"noopener noreferrer\"><img loading=\"lazy\" decoding=\"async\" class=\"alignnone wp-image-2664\" src=\"http:\/\/demainsansmucoviscidose.org\/wp-content\/uploads\/2022\/11\/March\u00e93-300x300.jpg\" alt=\"\" width=\"230\" height=\"230\" srcset=\"https:\/\/demainsansmucoviscidose.org\/wp-content\/uploads\/2022\/11\/March\u00e93-300x300.jpg 300w, https:\/\/demainsansmucoviscidose.org\/wp-content\/uploads\/2022\/11\/March\u00e93-150x150.jpg 150w, https:\/\/demainsansmucoviscidose.org\/wp-content\/uploads\/2022\/11\/March\u00e93-768x768.jpg 768w, https:\/\/demainsansmucoviscidose.org\/wp-content\/uploads\/2022\/11\/March\u00e93-1024x1024.jpg 1024w, https:\/\/demainsansmucoviscidose.org\/wp-content\/uploads\/2022\/11\/March\u00e93.jpg 1440w\" sizes=\"auto, (max-width: 230px) 100vw, 230px\" \/><\/a>\u00a0<a href=\"http:\/\/demainsansmucoviscidose.org\/wp-content\/uploads\/2022\/11\/March\u00e94.jpg\" target=\"_blank\" rel=\"noopener noreferrer\"><img loading=\"lazy\" decoding=\"async\" class=\"alignnone wp-image-2665\" src=\"http:\/\/demainsansmucoviscidose.org\/wp-content\/uploads\/2022\/11\/March\u00e94-300x300.jpg\" alt=\"\" width=\"230\" height=\"230\" srcset=\"https:\/\/demainsansmucoviscidose.org\/wp-content\/uploads\/2022\/11\/March\u00e94-300x300.jpg 300w, https:\/\/demainsansmucoviscidose.org\/wp-content\/uploads\/2022\/11\/March\u00e94-150x150.jpg 150w, https:\/\/demainsansmucoviscidose.org\/wp-content\/uploads\/2022\/11\/March\u00e94-768x768.jpg 768w, https:\/\/demainsansmucoviscidose.org\/wp-content\/uploads\/2022\/11\/March\u00e94-1024x1024.jpg 1024w, https:\/\/demainsansmucoviscidose.org\/wp-content\/uploads\/2022\/11\/March\u00e94.jpg 1440w\" sizes=\"auto, (max-width: 230px) 100vw, 230px\" \/><\/a><a href=\"http:\/\/demainsansmucoviscidose.org\/wp-content\/uploads\/2022\/11\/March\u00e9-5.jpg\" target=\"_blank\" rel=\"noopener noreferrer\"><img loading=\"lazy\" decoding=\"async\" class=\"alignnone wp-image-2662\" src=\"http:\/\/demainsansmucoviscidose.org\/wp-content\/uploads\/2022\/11\/March\u00e9-5-300x300.jpg\" alt=\"\" width=\"230\" height=\"230\" srcset=\"https:\/\/demainsansmucoviscidose.org\/wp-content\/uploads\/2022\/11\/March\u00e9-5-300x300.jpg 300w, https:\/\/demainsansmucoviscidose.org\/wp-content\/uploads\/2022\/11\/March\u00e9-5-150x150.jpg 150w, https:\/\/demainsansmucoviscidose.org\/wp-content\/uploads\/2022\/11\/March\u00e9-5-768x768.jpg 768w, https:\/\/demainsansmucoviscidose.org\/wp-content\/uploads\/2022\/11\/March\u00e9-5-1024x1024.jpg 1024w, https:\/\/demainsansmucoviscidose.org\/wp-content\/uploads\/2022\/11\/March\u00e9-5.jpg 1440w\" sizes=\"auto, (max-width: 230px) 100vw, 230px\" \/><\/a><a href=\"http:\/\/demainsansmucoviscidose.org\/wp-content\/uploads\/2022\/11\/March\u00e96.jpg\" target=\"_blank\" rel=\"noopener noreferrer\"><img loading=\"lazy\" decoding=\"async\" class=\"alignnone wp-image-2666\" src=\"http:\/\/demainsansmucoviscidose.org\/wp-content\/uploads\/2022\/11\/March\u00e96-300x300.jpg\" alt=\"\" width=\"230\" height=\"230\" srcset=\"https:\/\/demainsansmucoviscidose.org\/wp-content\/uploads\/2022\/11\/March\u00e96-300x300.jpg 300w, https:\/\/demainsansmucoviscidose.org\/wp-content\/uploads\/2022\/11\/March\u00e96-150x150.jpg 150w, https:\/\/demainsansmucoviscidose.org\/wp-content\/uploads\/2022\/11\/March\u00e96-768x768.jpg 768w, https:\/\/demainsansmucoviscidose.org\/wp-content\/uploads\/2022\/11\/March\u00e96-1024x1024.jpg 1024w, https:\/\/demainsansmucoviscidose.org\/wp-content\/uploads\/2022\/11\/March\u00e96.jpg 1440w\" sizes=\"auto, (max-width: 230px) 100vw, 230px\" \/><\/a><a href=\"http:\/\/demainsansmucoviscidose.org\/wp-content\/uploads\/2022\/11\/March\u00e97.jpg\" target=\"_blank\" rel=\"noopener noreferrer\"><img loading=\"lazy\" decoding=\"async\" class=\"alignnone wp-image-2667\" src=\"http:\/\/demainsansmucoviscidose.org\/wp-content\/uploads\/2022\/11\/March\u00e97-300x300.jpg\" alt=\"\" width=\"230\" height=\"230\" srcset=\"https:\/\/demainsansmucoviscidose.org\/wp-content\/uploads\/2022\/11\/March\u00e97-300x300.jpg 300w, https:\/\/demainsansmucoviscidose.org\/wp-content\/uploads\/2022\/11\/March\u00e97-150x150.jpg 150w, https:\/\/demainsansmucoviscidose.org\/wp-content\/uploads\/2022\/11\/March\u00e97-768x768.jpg 768w, https:\/\/demainsansmucoviscidose.org\/wp-content\/uploads\/2022\/11\/March\u00e97-1024x1024.jpg 1024w, https:\/\/demainsansmucoviscidose.org\/wp-content\/uploads\/2022\/11\/March\u00e97.jpg 1440w\" sizes=\"auto, (max-width: 230px) 100vw, 230px\" \/><\/a><a href=\"http:\/\/demainsansmucoviscidose.org\/wp-content\/uploads\/2022\/11\/March\u00e98.jpg\" target=\"_blank\" rel=\"noopener noreferrer\"><img loading=\"lazy\" decoding=\"async\" class=\"alignnone wp-image-2668\" src=\"http:\/\/demainsansmucoviscidose.org\/wp-content\/uploads\/2022\/11\/March\u00e98-300x300.jpg\" alt=\"\" width=\"229\" height=\"229\" srcset=\"https:\/\/demainsansmucoviscidose.org\/wp-content\/uploads\/2022\/11\/March\u00e98-300x300.jpg 300w, https:\/\/demainsansmucoviscidose.org\/wp-content\/uploads\/2022\/11\/March\u00e98-150x150.jpg 150w, https:\/\/demainsansmucoviscidose.org\/wp-content\/uploads\/2022\/11\/March\u00e98-768x768.jpg 768w, https:\/\/demainsansmucoviscidose.org\/wp-content\/uploads\/2022\/11\/March\u00e98-1024x1024.jpg 1024w, https:\/\/demainsansmucoviscidose.org\/wp-content\/uploads\/2022\/11\/March\u00e98.jpg 1440w\" sizes=\"auto, (max-width: 229px) 100vw, 229px\" \/><\/a> <a href=\"http:\/\/demainsansmucoviscidose.org\/wp-content\/uploads\/2022\/11\/March\u00e99.jpg\" target=\"_blank\" rel=\"noopener noreferrer\"><img loading=\"lazy\" decoding=\"async\" class=\"alignnone wp-image-2669\" src=\"http:\/\/demainsansmucoviscidose.org\/wp-content\/uploads\/2022\/11\/March\u00e99-300x300.jpg\" alt=\"\" width=\"229\" height=\"229\" srcset=\"https:\/\/demainsansmucoviscidose.org\/wp-content\/uploads\/2022\/11\/March\u00e99-300x300.jpg 300w, https:\/\/demainsansmucoviscidose.org\/wp-content\/uploads\/2022\/11\/March\u00e99-150x150.jpg 150w, https:\/\/demainsansmucoviscidose.org\/wp-content\/uploads\/2022\/11\/March\u00e99-768x768.jpg 768w, https:\/\/demainsansmucoviscidose.org\/wp-content\/uploads\/2022\/11\/March\u00e99-1024x1024.jpg 1024w, https:\/\/demainsansmucoviscidose.org\/wp-content\/uploads\/2022\/11\/March\u00e99.jpg 1440w\" sizes=\"auto, (max-width: 229px) 100vw, 229px\" \/><\/a>\u00a0<a href=\"http:\/\/demainsansmucoviscidose.org\/wp-content\/uploads\/2022\/11\/March\u00e910.jpg\" target=\"_blank\" rel=\"noopener noreferrer\"><img loading=\"lazy\" decoding=\"async\" class=\"alignnone wp-image-2670\" src=\"http:\/\/demainsansmucoviscidose.org\/wp-content\/uploads\/2022\/11\/March\u00e910-300x300.jpg\" alt=\"\" width=\"231\" height=\"231\" srcset=\"https:\/\/demainsansmucoviscidose.org\/wp-content\/uploads\/2022\/11\/March\u00e910-300x300.jpg 300w, https:\/\/demainsansmucoviscidose.org\/wp-content\/uploads\/2022\/11\/March\u00e910-150x150.jpg 150w, https:\/\/demainsansmucoviscidose.org\/wp-content\/uploads\/2022\/11\/March\u00e910-768x768.jpg 768w, https:\/\/demainsansmucoviscidose.org\/wp-content\/uploads\/2022\/11\/March\u00e910-1024x1024.jpg 1024w, https:\/\/demainsansmucoviscidose.org\/wp-content\/uploads\/2022\/11\/March\u00e910.jpg 1440w\" sizes=\"auto, (max-width: 231px) 100vw, 231px\" \/><\/a><\/p>\n<p>&nbsp;<\/p>\n","protected":false},"excerpt":{"rendered":"<p>Retrouvez les cr\u00e9ations de \u00ab\u00a0nos petites main\u00a0\u00bb en vente \u00e0 distance ou aux diff\u00e9rents march\u00e9s de No\u00ebl ! &#8211; &#8211; &#8211; &#8211; &#8211; 26 novembre : Francheville,\u00a0 Varois et Chaignot 2 d\u00e9cembre : Saint Apollinaire 4 d\u00e9cembre : Longvic,\u00a0Thorey en plaine 6\/7\/8 d\u00e9cembre : Chalet associatif \u00e0 Dijon place darcy 10 d\u00e9cembre : Carrefour les &hellip; <\/p>\n<p><a class=\"more-link btn\" href=\"https:\/\/demainsansmucoviscidose.org\/index.php\/2022\/11\/12\/marche-de-noel-2022\/\">Lire la suite<\/a><\/p>\n","protected":false},"author":3,"featured_media":0,"comment_status":"closed","ping_status":"closed","sticky":false,"template":"","format":"standard","meta":{"footnotes":""},"categories":[1],"tags":[],"class_list":["post-2657","post","type-post","status-publish","format-standard","hentry","category-non-classe","item-wrap"],"_links":{"self":[{"href":"https:\/\/demainsansmucoviscidose.org\/index.php\/wp-json\/wp\/v2\/posts\/2657","targetHints":{"allow":["GET"]}}],"collection":[{"href":"https:\/\/demainsansmucoviscidose.org\/index.php\/wp-json\/wp\/v2\/posts"}],"about":[{"href":"https:\/\/demainsansmucoviscidose.org\/index.php\/wp-json\/wp\/v2\/types\/post"}],"author":[{"embeddable":true,"href":"https:\/\/demainsansmucoviscidose.org\/index.php\/wp-json\/wp\/v2\/users\/3"}],"replies":[{"embeddable":true,"href":"https:\/\/demainsansmucoviscidose.org\/index.php\/wp-json\/wp\/v2\/comments?post=2657"}],"version-history":[{"count":19,"href":"https:\/\/demainsansmucoviscidose.org\/index.php\/wp-json\/wp\/v2\/posts\/2657\/revisions"}],"predecessor-version":[{"id":2687,"href":"https:\/\/demainsansmucoviscidose.org\/index.php\/wp-json\/wp\/v2\/posts\/2657\/revisions\/2687"}],"wp:attachment":[{"href":"https:\/\/demainsansmucoviscidose.org\/index.php\/wp-json\/wp\/v2\/media?parent=2657"}],"wp:term":[{"taxonomy":"category","embeddable":true,"href":"https:\/\/demainsansmucoviscidose.org\/index.php\/wp-json\/wp\/v2\/categories?post=2657"},{"taxonomy":"post_tag","embeddable":true,"href":"https:\/\/demainsansmucoviscidose.org\/index.php\/wp-json\/wp\/v2\/tags?post=2657"}],"curies":[{"name":"wp","href":"https:\/\/api.w.org\/{rel}","templated":true}]}}