{"id":1749,"date":"2022-01-30T10:25:46","date_gmt":"2022-01-30T09:25:46","guid":{"rendered":"http:\/\/demainsansmucoviscidose.org\/?p=1749"},"modified":"2022-03-03T19:38:59","modified_gmt":"2022-03-03T18:38:59","slug":"crcm-de-besancon-financement-de-materiel-de-psychomotricite-janvier-2022","status":"publish","type":"post","link":"https:\/\/demainsansmucoviscidose.org\/index.php\/2022\/01\/30\/crcm-de-besancon-financement-de-materiel-de-psychomotricite-janvier-2022\/","title":{"rendered":"CRCM de Besan\u00e7on : financement de mat\u00e9riel de psychomotricit\u00e9 (janvier 2022)"},"content":{"rendered":"<div dir=\"auto\"><a href=\"http:\/\/demainsansmucoviscidose.org\/wp-content\/uploads\/2022\/01\/CRCM1.jpg\" target=\"_blank\" rel=\"noopener noreferrer\"><img loading=\"lazy\" decoding=\"async\" class=\"wp-image-1756 alignleft\" src=\"http:\/\/demainsansmucoviscidose.org\/wp-content\/uploads\/2022\/01\/CRCM1-240x300.jpg\" alt=\"\" width=\"77\" height=\"96\" srcset=\"https:\/\/demainsansmucoviscidose.org\/wp-content\/uploads\/2022\/01\/CRCM1-240x300.jpg 240w, https:\/\/demainsansmucoviscidose.org\/wp-content\/uploads\/2022\/01\/CRCM1-768x960.jpg 768w, https:\/\/demainsansmucoviscidose.org\/wp-content\/uploads\/2022\/01\/CRCM1-819x1024.jpg 819w, https:\/\/demainsansmucoviscidose.org\/wp-content\/uploads\/2022\/01\/CRCM1.jpg 1152w\" sizes=\"auto, (max-width: 77px) 100vw, 77px\" \/><\/a>Notre association a financ\u00e9 du mat\u00e9riel de psychomotricit\u00e9 pour le CRCM enfants du\u00a0<a class=\"oajrlxb2 g5ia77u1 qu0x051f esr5mh6w e9989ue4 r7d6kgcz rq0escxv nhd2j8a9 nc684nl6 p7hjln8o kvgmc6g5 cxmmr5t8 oygrvhab hcukyx3x jb3vyjys rz4wbd8a qt6c0cv9 a8nywdso i1ao9s8h esuyzwwr f1sip0of lzcic4wl gpro0wi8 q66pz984 b1v8xokw\" tabindex=\"0\" href=\"https:\/\/www.facebook.com\/CHUdeBesancon\/?__cft__[0]=AZXj43URnIFwz8rPdit_PWfTk8aJcFPH-31CmbdW2gaDL7VYgkvcrm2BizEKMKS-bgsY6eWcU9ThYuzo2y0XV9B7z25EwBLrhHXjVQwERuX5kdoJMqSjNqVHdXI-vA7RxeltrDGGB6KoeXDIVtSiZyXy&amp;__tn__=kK-R\" target=\"_blank\" rel=\"noopener noreferrer\"><span class=\"nc684nl6\">CHU de Besan\u00e7on<\/span><\/a>\u00a0afin de proposer une activit\u00e9 psychomotricit\u00e9 aux petits patients de 2 \u00e0 5 ans lors de leurs consultations.<\/div>\n<div dir=\"auto\">Cet atelier s&rsquo;inscrit dans la continuit\u00e9 du travail mis en place au CRCM Enfants de Besan\u00e7on\u00a0sur les bienfaits de l\u2019activit\u00e9 physique et le pouvoir de faire les activit\u00e9s en autonomie.<\/div>\n<div dir=\"auto\">C\u2019est avec une grande joie que nous partageons les photos de l\u2019atelier r\u00e9alis\u00e9 par L\u00e9ana pendant une consultation du Dr Dalphin accompagn\u00e9e de l\u2019interne en pneumologie St\u00e9phanie.<\/div>\n<div dir=\"auto\"><\/div>\n<div dir=\"auto\"><\/div>\n<div dir=\"auto\">Merci \u00e0 l\u2019\u00e9quipe du CRCM pour son enthousiasme et son joli montage de remerciement !!!<\/div>\n<div dir=\"auto\">\u00a0<a href=\"http:\/\/demainsansmucoviscidose.org\/wp-content\/uploads\/2022\/01\/CRCM6.jpg\" target=\"_blank\" rel=\"noopener noreferrer\"><img loading=\"lazy\" decoding=\"async\" class=\"alignnone wp-image-1734\" src=\"http:\/\/demainsansmucoviscidose.org\/wp-content\/uploads\/2022\/01\/CRCM6-180x300.jpg\" alt=\"\" width=\"120\" height=\"200\" srcset=\"https:\/\/demainsansmucoviscidose.org\/wp-content\/uploads\/2022\/01\/CRCM6-180x300.jpg 180w, https:\/\/demainsansmucoviscidose.org\/wp-content\/uploads\/2022\/01\/CRCM6-768x1280.jpg 768w, https:\/\/demainsansmucoviscidose.org\/wp-content\/uploads\/2022\/01\/CRCM6-614x1024.jpg 614w, https:\/\/demainsansmucoviscidose.org\/wp-content\/uploads\/2022\/01\/CRCM6.jpg 864w\" sizes=\"auto, (max-width: 120px) 100vw, 120px\" \/><\/a> <a href=\"http:\/\/demainsansmucoviscidose.org\/wp-content\/uploads\/2022\/01\/CRCM5.jpg\" target=\"_blank\" rel=\"noopener noreferrer\"><img loading=\"lazy\" decoding=\"async\" class=\"alignnone wp-image-1733\" src=\"http:\/\/demainsansmucoviscidose.org\/wp-content\/uploads\/2022\/01\/CRCM5-225x300.jpg\" alt=\"\" width=\"151\" height=\"201\" srcset=\"https:\/\/demainsansmucoviscidose.org\/wp-content\/uploads\/2022\/01\/CRCM5-225x300.jpg 225w, https:\/\/demainsansmucoviscidose.org\/wp-content\/uploads\/2022\/01\/CRCM5-768x1024.jpg 768w, https:\/\/demainsansmucoviscidose.org\/wp-content\/uploads\/2022\/01\/CRCM5.jpg 1080w\" sizes=\"auto, (max-width: 151px) 100vw, 151px\" \/><\/a> <a href=\"http:\/\/demainsansmucoviscidose.org\/wp-content\/uploads\/2022\/01\/CRCM4.jpg\" target=\"_blank\" rel=\"noopener noreferrer\"><img loading=\"lazy\" decoding=\"async\" class=\"alignnone wp-image-1732\" src=\"http:\/\/demainsansmucoviscidose.org\/wp-content\/uploads\/2022\/01\/CRCM4-225x300.jpg\" alt=\"\" width=\"151\" height=\"201\" srcset=\"https:\/\/demainsansmucoviscidose.org\/wp-content\/uploads\/2022\/01\/CRCM4-225x300.jpg 225w, https:\/\/demainsansmucoviscidose.org\/wp-content\/uploads\/2022\/01\/CRCM4-768x1024.jpg 768w, https:\/\/demainsansmucoviscidose.org\/wp-content\/uploads\/2022\/01\/CRCM4.jpg 1080w\" sizes=\"auto, (max-width: 151px) 100vw, 151px\" \/><\/a> <a href=\"http:\/\/demainsansmucoviscidose.org\/wp-content\/uploads\/2022\/01\/CRCM3.jpg\" target=\"_blank\" rel=\"noopener noreferrer\"><img loading=\"lazy\" decoding=\"async\" class=\"alignnone wp-image-1731\" src=\"http:\/\/demainsansmucoviscidose.org\/wp-content\/uploads\/2022\/01\/CRCM3-225x300.jpg\" alt=\"\" width=\"158\" height=\"211\" srcset=\"https:\/\/demainsansmucoviscidose.org\/wp-content\/uploads\/2022\/01\/CRCM3-225x300.jpg 225w, https:\/\/demainsansmucoviscidose.org\/wp-content\/uploads\/2022\/01\/CRCM3-768x1024.jpg 768w, https:\/\/demainsansmucoviscidose.org\/wp-content\/uploads\/2022\/01\/CRCM3.jpg 1080w\" sizes=\"auto, (max-width: 158px) 100vw, 158px\" \/><\/a> <a href=\"http:\/\/demainsansmucoviscidose.org\/wp-content\/uploads\/2022\/01\/CRCM2.jpg\" target=\"_blank\" rel=\"noopener noreferrer\"><img loading=\"lazy\" decoding=\"async\" class=\"alignnone wp-image-1730\" src=\"http:\/\/demainsansmucoviscidose.org\/wp-content\/uploads\/2022\/01\/CRCM2-225x300.jpg\" alt=\"\" width=\"157\" height=\"209\" srcset=\"https:\/\/demainsansmucoviscidose.org\/wp-content\/uploads\/2022\/01\/CRCM2-225x300.jpg 225w, https:\/\/demainsansmucoviscidose.org\/wp-content\/uploads\/2022\/01\/CRCM2-768x1024.jpg 768w, https:\/\/demainsansmucoviscidose.org\/wp-content\/uploads\/2022\/01\/CRCM2.jpg 1080w\" sizes=\"auto, (max-width: 157px) 100vw, 157px\" \/><\/a><\/div>\n","protected":false},"excerpt":{"rendered":"<p>Notre association a financ\u00e9 du mat\u00e9riel de psychomotricit\u00e9 pour le CRCM enfants du\u00a0CHU de Besan\u00e7on\u00a0afin de proposer une activit\u00e9 psychomotricit\u00e9 aux petits patients de 2 \u00e0 5 ans lors de leurs consultations. Cet atelier s&rsquo;inscrit dans la continuit\u00e9 du travail mis en place au CRCM Enfants de Besan\u00e7on\u00a0sur les bienfaits de l\u2019activit\u00e9 physique et le &hellip; <\/p>\n<p><a class=\"more-link btn\" href=\"https:\/\/demainsansmucoviscidose.org\/index.php\/2022\/01\/30\/crcm-de-besancon-financement-de-materiel-de-psychomotricite-janvier-2022\/\">Lire la suite<\/a><\/p>\n","protected":false},"author":3,"featured_media":0,"comment_status":"closed","ping_status":"closed","sticky":false,"template":"","format":"standard","meta":{"footnotes":""},"categories":[1],"tags":[],"class_list":["post-1749","post","type-post","status-publish","format-standard","hentry","category-non-classe","item-wrap"],"_links":{"self":[{"href":"https:\/\/demainsansmucoviscidose.org\/index.php\/wp-json\/wp\/v2\/posts\/1749","targetHints":{"allow":["GET"]}}],"collection":[{"href":"https:\/\/demainsansmucoviscidose.org\/index.php\/wp-json\/wp\/v2\/posts"}],"about":[{"href":"https:\/\/demainsansmucoviscidose.org\/index.php\/wp-json\/wp\/v2\/types\/post"}],"author":[{"embeddable":true,"href":"https:\/\/demainsansmucoviscidose.org\/index.php\/wp-json\/wp\/v2\/users\/3"}],"replies":[{"embeddable":true,"href":"https:\/\/demainsansmucoviscidose.org\/index.php\/wp-json\/wp\/v2\/comments?post=1749"}],"version-history":[{"count":11,"href":"https:\/\/demainsansmucoviscidose.org\/index.php\/wp-json\/wp\/v2\/posts\/1749\/revisions"}],"predecessor-version":[{"id":1761,"href":"https:\/\/demainsansmucoviscidose.org\/index.php\/wp-json\/wp\/v2\/posts\/1749\/revisions\/1761"}],"wp:attachment":[{"href":"https:\/\/demainsansmucoviscidose.org\/index.php\/wp-json\/wp\/v2\/media?parent=1749"}],"wp:term":[{"taxonomy":"category","embeddable":true,"href":"https:\/\/demainsansmucoviscidose.org\/index.php\/wp-json\/wp\/v2\/categories?post=1749"},{"taxonomy":"post_tag","embeddable":true,"href":"https:\/\/demainsansmucoviscidose.org\/index.php\/wp-json\/wp\/v2\/tags?post=1749"}],"curies":[{"name":"wp","href":"https:\/\/api.w.org\/{rel}","templated":true}]}}