{"id":1616,"date":"2021-09-22T20:07:03","date_gmt":"2021-09-22T19:07:03","guid":{"rendered":"http:\/\/demainsansmucoviscidose.org\/?p=1616"},"modified":"2021-11-10T19:05:48","modified_gmt":"2021-11-10T18:05:48","slug":"remise-officiel-de-lappareil-simeox-au-crcm-de-dijon","status":"publish","type":"post","link":"https:\/\/demainsansmucoviscidose.org\/index.php\/2021\/09\/22\/remise-officiel-de-lappareil-simeox-au-crcm-de-dijon\/","title":{"rendered":"Remise officielle de l&rsquo;appareil Sim\u00e9ox au CRCM de Dijon"},"content":{"rendered":"<p><a href=\"http:\/\/demainsansmucoviscidose.org\/wp-content\/uploads\/2021\/09\/Remise-Simeox-site-dsm-202109.jpg\" target=\"_blank\" rel=\"noopener noreferrer\"><img loading=\"lazy\" decoding=\"async\" class=\"wp-image-1615 alignleft\" src=\"http:\/\/demainsansmucoviscidose.org\/wp-content\/uploads\/2021\/09\/Remise-Simeox-site-dsm-202109-300x139.jpg\" alt=\"\" width=\"255\" height=\"118\" srcset=\"https:\/\/demainsansmucoviscidose.org\/wp-content\/uploads\/2021\/09\/Remise-Simeox-site-dsm-202109-300x139.jpg 300w, https:\/\/demainsansmucoviscidose.org\/wp-content\/uploads\/2021\/09\/Remise-Simeox-site-dsm-202109-768x356.jpg 768w, https:\/\/demainsansmucoviscidose.org\/wp-content\/uploads\/2021\/09\/Remise-Simeox-site-dsm-202109-1024x475.jpg 1024w, https:\/\/demainsansmucoviscidose.org\/wp-content\/uploads\/2021\/09\/Remise-Simeox-site-dsm-202109.jpg 1172w\" sizes=\"auto, (max-width: 255px) 100vw, 255px\" \/><\/a>Mardi 14 septembre 2021, DSM a proc\u00e9d\u00e9 \u00e0 la remise officielle de l&rsquo;appareil <strong>Sim\u00e9ox<\/strong> \u00e0 l&rsquo;\u00e9quipe m\u00e9dicale du CRCM du CHU de Dijon qui s&rsquo;est \u00e9quip\u00e9e en juillet dernier de cette nouvelle technologie de drainage bronchique.<br \/>\nL\u2019achat de cet appareil a \u00e9t\u00e9 rendu possible gr\u00e2ce \u00e0 nos cinq\u00a0 marcheuses\u00a0(Aur\u00e9lie, B\u00e9n\u00e9dicte, Claire, Florence et Virginie) de l\u2019association Demain sans Mucoviscidose, qui ont lanc\u00e9 un appel aux dons au cours de randonn\u00e9es solidaires sur les chemins de Compostelle. Les marches r\u00e9alis\u00e9es en 2020 et 2021 ont ainsi permis de r\u00e9colter la somme de <strong>6.450 euros.<\/strong><\/p>\n<p><a href=\"http:\/\/demainsansmucoviscidose.org\/index.php\/dsm-dans-la-presse\/\" target=\"_blank\" rel=\"noopener noreferrer\">Consulter les articles de presse locale<\/a><\/p>\n","protected":false},"excerpt":{"rendered":"<p>Mardi 14 septembre 2021, DSM a proc\u00e9d\u00e9 \u00e0 la remise officielle de l&rsquo;appareil Sim\u00e9ox \u00e0 l&rsquo;\u00e9quipe m\u00e9dicale du CRCM du CHU de Dijon qui s&rsquo;est \u00e9quip\u00e9e en juillet dernier de cette nouvelle technologie de drainage bronchique. L\u2019achat de cet appareil a \u00e9t\u00e9 rendu possible gr\u00e2ce \u00e0 nos cinq\u00a0 marcheuses\u00a0(Aur\u00e9lie, B\u00e9n\u00e9dicte, Claire, Florence et Virginie) de &hellip; <\/p>\n<p><a class=\"more-link btn\" href=\"https:\/\/demainsansmucoviscidose.org\/index.php\/2021\/09\/22\/remise-officiel-de-lappareil-simeox-au-crcm-de-dijon\/\">Lire la suite<\/a><\/p>\n","protected":false},"author":3,"featured_media":0,"comment_status":"closed","ping_status":"closed","sticky":false,"template":"","format":"standard","meta":{"footnotes":""},"categories":[1],"tags":[],"class_list":["post-1616","post","type-post","status-publish","format-standard","hentry","category-non-classe","item-wrap"],"_links":{"self":[{"href":"https:\/\/demainsansmucoviscidose.org\/index.php\/wp-json\/wp\/v2\/posts\/1616","targetHints":{"allow":["GET"]}}],"collection":[{"href":"https:\/\/demainsansmucoviscidose.org\/index.php\/wp-json\/wp\/v2\/posts"}],"about":[{"href":"https:\/\/demainsansmucoviscidose.org\/index.php\/wp-json\/wp\/v2\/types\/post"}],"author":[{"embeddable":true,"href":"https:\/\/demainsansmucoviscidose.org\/index.php\/wp-json\/wp\/v2\/users\/3"}],"replies":[{"embeddable":true,"href":"https:\/\/demainsansmucoviscidose.org\/index.php\/wp-json\/wp\/v2\/comments?post=1616"}],"version-history":[{"count":7,"href":"https:\/\/demainsansmucoviscidose.org\/index.php\/wp-json\/wp\/v2\/posts\/1616\/revisions"}],"predecessor-version":[{"id":1633,"href":"https:\/\/demainsansmucoviscidose.org\/index.php\/wp-json\/wp\/v2\/posts\/1616\/revisions\/1633"}],"wp:attachment":[{"href":"https:\/\/demainsansmucoviscidose.org\/index.php\/wp-json\/wp\/v2\/media?parent=1616"}],"wp:term":[{"taxonomy":"category","embeddable":true,"href":"https:\/\/demainsansmucoviscidose.org\/index.php\/wp-json\/wp\/v2\/categories?post=1616"},{"taxonomy":"post_tag","embeddable":true,"href":"https:\/\/demainsansmucoviscidose.org\/index.php\/wp-json\/wp\/v2\/tags?post=1616"}],"curies":[{"name":"wp","href":"https:\/\/api.w.org\/{rel}","templated":true}]}}