{"id":1016,"date":"2018-11-01T10:21:17","date_gmt":"2018-11-01T09:21:17","guid":{"rendered":"http:\/\/demainsansmucoviscidose.org\/?p=1016"},"modified":"2018-12-14T19:33:01","modified_gmt":"2018-12-14T18:33:01","slug":"concert-polyson-le-30-novembre-a-varois-et-chaignot","status":"publish","type":"post","link":"https:\/\/demainsansmucoviscidose.org\/index.php\/2018\/11\/01\/concert-polyson-le-30-novembre-a-varois-et-chaignot\/","title":{"rendered":"Concert POLY&rsquo;SON le 30 novembre \u00e0 Varois et Chaignot"},"content":{"rendered":"<p style=\"text-align: left;\"><img loading=\"lazy\" decoding=\"async\" class=\" wp-image-1024 alignleft\" src=\"http:\/\/demainsansmucoviscidose.org\/wp-content\/uploads\/2018\/11\/polyson-logo.jpg\" alt=\"\" width=\"115\" height=\"75\" \/><\/p>\n<p style=\"text-align: left;\">Nous vous invitons \u00e0 participer au concert de la chorale POLY&rsquo;SON qui se d\u00e9roulera vendredi 30 novembre 2018 \u00e0 20h30 \u00e0 la salle Pierre Aubert \u00e0 Varois et Chaignot.<\/p>\n<div>Entr\u00e9e adulte: <b>12 \u20ac\u00a0<\/b><\/div>\n<div><b><\/b>Entr\u00e9e\u00a0enfant (\u2013 de 12 ans)\u00a0: <b><b>8 \u20ac<br \/>\n<\/b><\/b><\/div>\n<p style=\"text-align: left;\">\u00a0&#8211;<\/p>\n<p style=\"text-align: left;\"><b><b>R\u00e9servation possible sur Saint Apollinaire :<br \/>\n<\/b><\/b>Chantal Barbey au\u00a009.50.51.50.85 ou barbey@hotmail.fr<\/p>\n<p><b><b><strong>R\u00e9servation possible sur Varois\u00a0et Chaignot :<br \/>\n<\/strong><\/b><\/b>Elise Bellet, membre de Poly&rsquo;son, au \u00a006.75.05.35.00 ou\u00a0eliseetnicolasbellet@gmail.com<br \/>\nLaurence Roussel au 06.02.28.13.71 ou\u00a0roussel.dsm@gmail.com<\/p>\n<div>\n<div>\n<div>Permanence \u00e9galement\u00a0salle TOURNESOL le mercredi de 12h \u00e0 12h30<span lang=\"zxx\"><br \/>\n<\/span><\/div>\n<div><\/div>\n<div><strong>Invitez vos amis et venez partager un bon moment.\u00a0\u00a0Un stand \u00ab\u00a0buvette\u00a0\u00bb sera ouvert avant et apr\u00e8s le spectacle.<\/strong><\/div>\n<div><a href=\"http:\/\/demainsansmucoviscidose.org\/wp-content\/uploads\/2018\/11\/PolySon-affiche-Elise-1.pdf\" target=\"_blank\" rel=\"noopener noreferrer\"><img loading=\"lazy\" decoding=\"async\" class=\"wp-image-1018 aligncenter\" src=\"http:\/\/demainsansmucoviscidose.org\/wp-content\/uploads\/2018\/11\/Polyson-215x300.jpg\" alt=\"\" width=\"96\" height=\"134\" srcset=\"https:\/\/demainsansmucoviscidose.org\/wp-content\/uploads\/2018\/11\/Polyson-215x300.jpg 215w, https:\/\/demainsansmucoviscidose.org\/wp-content\/uploads\/2018\/11\/Polyson.jpg 454w\" sizes=\"auto, (max-width: 96px) 100vw, 96px\" \/><\/a><\/div>\n<\/div>\n<\/div>\n","protected":false},"excerpt":{"rendered":"<p>Nous vous invitons \u00e0 participer au concert de la chorale POLY&rsquo;SON qui se d\u00e9roulera vendredi 30 novembre 2018 \u00e0 20h30 \u00e0 la salle Pierre Aubert \u00e0 Varois et Chaignot. Entr\u00e9e adulte: 12 \u20ac\u00a0 Entr\u00e9e\u00a0enfant (\u2013 de 12 ans)\u00a0: 8 \u20ac \u00a0&#8211; R\u00e9servation possible sur Saint Apollinaire : Chantal Barbey au\u00a009.50.51.50.85 ou barbey@hotmail.fr R\u00e9servation possible sur &hellip; <\/p>\n<p><a class=\"more-link btn\" href=\"https:\/\/demainsansmucoviscidose.org\/index.php\/2018\/11\/01\/concert-polyson-le-30-novembre-a-varois-et-chaignot\/\">Lire la suite<\/a><\/p>\n","protected":false},"author":3,"featured_media":0,"comment_status":"closed","ping_status":"closed","sticky":false,"template":"","format":"standard","meta":{"footnotes":""},"categories":[1],"tags":[],"class_list":["post-1016","post","type-post","status-publish","format-standard","hentry","category-non-classe","item-wrap"],"_links":{"self":[{"href":"https:\/\/demainsansmucoviscidose.org\/index.php\/wp-json\/wp\/v2\/posts\/1016","targetHints":{"allow":["GET"]}}],"collection":[{"href":"https:\/\/demainsansmucoviscidose.org\/index.php\/wp-json\/wp\/v2\/posts"}],"about":[{"href":"https:\/\/demainsansmucoviscidose.org\/index.php\/wp-json\/wp\/v2\/types\/post"}],"author":[{"embeddable":true,"href":"https:\/\/demainsansmucoviscidose.org\/index.php\/wp-json\/wp\/v2\/users\/3"}],"replies":[{"embeddable":true,"href":"https:\/\/demainsansmucoviscidose.org\/index.php\/wp-json\/wp\/v2\/comments?post=1016"}],"version-history":[{"count":9,"href":"https:\/\/demainsansmucoviscidose.org\/index.php\/wp-json\/wp\/v2\/posts\/1016\/revisions"}],"predecessor-version":[{"id":1027,"href":"https:\/\/demainsansmucoviscidose.org\/index.php\/wp-json\/wp\/v2\/posts\/1016\/revisions\/1027"}],"wp:attachment":[{"href":"https:\/\/demainsansmucoviscidose.org\/index.php\/wp-json\/wp\/v2\/media?parent=1016"}],"wp:term":[{"taxonomy":"category","embeddable":true,"href":"https:\/\/demainsansmucoviscidose.org\/index.php\/wp-json\/wp\/v2\/categories?post=1016"},{"taxonomy":"post_tag","embeddable":true,"href":"https:\/\/demainsansmucoviscidose.org\/index.php\/wp-json\/wp\/v2\/tags?post=1016"}],"curies":[{"name":"wp","href":"https:\/\/api.w.org\/{rel}","templated":true}]}}